{"id":3676,"date":"2025-12-17T17:34:27","date_gmt":"2025-12-17T17:34:27","guid":{"rendered":"https:\/\/beak.de\/seasons-greetings-2025-and-happy-new-year-2026-from-beak\/"},"modified":"2025-12-18T09:23:10","modified_gmt":"2025-12-18T09:23:10","slug":"seasons-greetings-2025-and-happy-new-year-2026-from-beak","status":"publish","type":"post","link":"https:\/\/beak.de\/de\/seasons-greetings-2025-and-happy-new-year-2026-from-beak\/","title":{"rendered":"Frohe Feiertage 2025 und ein frohes neues Jahr 2026 von Beak."},"content":{"rendered":"<p><strong>Neuer Beak-Kalender \u201eDer Ruf der Berge\u201c f\u00fcr 2026 jetzt verf\u00fcgbar!<\/strong><\/p>\n<p><strong><em>18. Dezember 2025, Freiberg<\/em><\/strong><\/p>\n<p>Liebe Kolleginnen und Kollegen, Gesch\u00e4ftspartner und Freunde,<\/p>\n<p>wir w\u00fcnschen Ihnen frohe und erholsame Feiertage sowie ein gesundes und erfolgreiches neues Jahr 2026.<\/p>\n<p>Wir danken Ihnen allen f\u00fcr Ihre Zusammenarbeit, Ihr Vertrauen und Ihre Unterst\u00fctzung im Jahr 2025 und freuen uns darauf, auch 2026 mit Ihnen zusammenzuarbeiten!<\/p>\n<p><img loading=\"lazy\" decoding=\"async\" class=\"alignnone wp-image-3678\" src=\"https:\/\/beak.de\/wp-content\/uploads\/2025\/12\/Weihnachtskarte_2025_DEU.jpg\" alt=\"\" width=\"600\" height=\"425\" \/><\/p>\n<p>Wie in jedem Jahr haben wir auch diesmal einen besonderen Kalender vorbereitet, diesmal mit dem Titel \u201eDer Ruf der Berge\u201c f\u00fcr das Jahr 2026. Da die gedruckte Auflage begrenzt ist und viele unserer Kolleginnen und Kollegen in \u00dcbersee t\u00e4tig sind, stellen wir den Kalender online kostenlos zum <a href=\"https:\/\/beak.de\/wp-content\/uploads\/2025\/12\/Kalender_Beak_2026_NEW.pdf\" target=\"_blank\" rel=\"noopener\"><strong><u>Download <\/u><\/strong><\/a>\u00a0zur Verf\u00fcgung.<\/p>\n<p><img loading=\"lazy\" decoding=\"async\" class=\"alignnone wp-image-3669 size-us_600_400\" src=\"https:\/\/beak.de\/wp-content\/uploads\/2025\/12\/Beak_Calendar_2026-1-600x400.jpg\" alt=\"\" width=\"600\" height=\"400\" srcset=\"https:\/\/beak.de\/wp-content\/uploads\/2025\/12\/Beak_Calendar_2026-1-600x400.jpg 600w, https:\/\/beak.de\/wp-content\/uploads\/2025\/12\/Beak_Calendar_2026-1-300x199.jpg 300w, https:\/\/beak.de\/wp-content\/uploads\/2025\/12\/Beak_Calendar_2026-1-700x465.jpg 700w, https:\/\/beak.de\/wp-content\/uploads\/2025\/12\/Beak_Calendar_2026-1.jpg 1495w\" sizes=\"auto, (max-width: 600px) 100vw, 600px\" \/><\/p>\n","protected":false},"excerpt":{"rendered":"<p>Neuer Beak-Kalender \u201eDer Ruf der Berge\u201c f\u00fcr 2026 jetzt verf\u00fcgbar! 18. Dezember 2025, Freiberg Liebe Kolleginnen und Kollegen, Gesch\u00e4ftspartner und Freunde, wir w\u00fcnschen Ihnen frohe und erholsame Feiertage sowie ein gesundes und erfolgreiches neues Jahr 2026. Wir danken Ihnen allen f\u00fcr Ihre Zusammenarbeit, Ihr Vertrauen und Ihre Unterst\u00fctzung im Jahr 2025 und freuen uns darauf,&#8230;<\/p>\n","protected":false},"author":5,"featured_media":3664,"comment_status":"closed","ping_status":"open","sticky":false,"template":"","format":"standard","meta":{"footnotes":""},"categories":[23],"tags":[],"class_list":["post-3676","post","type-post","status-publish","format-standard","has-post-thumbnail","hentry","category-nachrichten"],"_links":{"self":[{"href":"https:\/\/beak.de\/de\/wp-json\/wp\/v2\/posts\/3676","targetHints":{"allow":["GET"]}}],"collection":[{"href":"https:\/\/beak.de\/de\/wp-json\/wp\/v2\/posts"}],"about":[{"href":"https:\/\/beak.de\/de\/wp-json\/wp\/v2\/types\/post"}],"author":[{"embeddable":true,"href":"https:\/\/beak.de\/de\/wp-json\/wp\/v2\/users\/5"}],"replies":[{"embeddable":true,"href":"https:\/\/beak.de\/de\/wp-json\/wp\/v2\/comments?post=3676"}],"version-history":[{"count":4,"href":"https:\/\/beak.de\/de\/wp-json\/wp\/v2\/posts\/3676\/revisions"}],"predecessor-version":[{"id":3686,"href":"https:\/\/beak.de\/de\/wp-json\/wp\/v2\/posts\/3676\/revisions\/3686"}],"wp:featuredmedia":[{"embeddable":true,"href":"https:\/\/beak.de\/de\/wp-json\/wp\/v2\/media\/3664"}],"wp:attachment":[{"href":"https:\/\/beak.de\/de\/wp-json\/wp\/v2\/media?parent=3676"}],"wp:term":[{"taxonomy":"category","embeddable":true,"href":"https:\/\/beak.de\/de\/wp-json\/wp\/v2\/categories?post=3676"},{"taxonomy":"post_tag","embeddable":true,"href":"https:\/\/beak.de\/de\/wp-json\/wp\/v2\/tags?post=3676"}],"curies":[{"name":"wp","href":"https:\/\/api.w.org\/{rel}","templated":true}]}}